{"id":386,"date":"2014-09-21T15:49:28","date_gmt":"2014-09-21T13:49:28","guid":{"rendered":"http:\/\/www.35mm.hr\/?p=386"},"modified":"2014-09-21T15:50:22","modified_gmt":"2014-09-21T13:50:22","slug":"izlozba-moji-klonovi-i-ja","status":"publish","type":"post","link":"https:\/\/www.35mm.hr\/?p=386","title":{"rendered":"Izlo\u017eba &#8220;Moji klonovi i ja&#8221;"},"content":{"rendered":"<p><a href=\"http:\/\/www.35mm.hr\/wp-content\/uploads\/2014\/09\/moji_klonovi_i_ja.jpg\"><img loading=\"lazy\" decoding=\"async\" class=\"aligncenter size-medium wp-image-394\" src=\"http:\/\/www.35mm.hr\/wp-content\/uploads\/2014\/09\/moji_klonovi_i_ja-300x212.jpg\" alt=\"moji_klonovi_i_ja\" width=\"300\" height=\"212\" srcset=\"https:\/\/www.35mm.hr\/wp-content\/uploads\/2014\/09\/moji_klonovi_i_ja-300x212.jpg 300w, https:\/\/www.35mm.hr\/wp-content\/uploads\/2014\/09\/moji_klonovi_i_ja.jpg 950w\" sizes=\"auto, (max-width: 300px) 100vw, 300px\" \/><\/a><\/p>\n<p>U petak 19.09.2014. u Galeriji Kri\u017e otvorena je izlo\u017eba &#8220;Moji klonovi i ja&#8221;.<\/p>\n<p>Na izlo\u017ebi su\u00a0izlo\u017eene 43 fotografije \u010dlanova Foto video kluba &#8220;35mm&#8221; Kri\u017e, ve\u0107inom u\u010denici osnovne ili srednjih \u0161kola:<\/p>\n<ol>\n<li>Sven Balen<\/li>\n<li>Inga Herbst<\/li>\n<li>Ana Marija Kunti\u0107<\/li>\n<li>Stella \u0160kvorc<\/li>\n<li>Allena Marie Ga\u0161parovi\u0107<\/li>\n<li>Viktorija Vinceljak<\/li>\n<li>Fran Vidakovi\u0107<\/li>\n<li>Stella \u0110udari\u0107<\/li>\n<li>Ana Marija Petrec<\/li>\n<li>Nikolina Zeki\u0107<\/li>\n<li>Petra Pugar<\/li>\n<li>Antonio Bel\u010di\u0107<\/li>\n<li>Ema Herbst<\/li>\n<li>Klara \u0160imi\u0107<\/li>\n<li>Tin Pugar<\/li>\n<li>Ana Sovi\u0107<\/li>\n<\/ol>\n<p>Svaka fotografija prikazuje jednu osobu u vi\u0161e poza &#8211; kao da su ta osoba i njeni klonovi skupljeni na istom mjestu. Ve\u0107ina fotografija prikazuje poslove kojim se osoba na slici bavi.<\/p>\n<p>Izlo\u017eba ostaje otvorena do 03.10.2014.<\/p>\n<p><a href=\"http:\/\/www.35mm.hr\/wp-content\/uploads\/2014\/09\/fvk_klonovi_03.jpg\"><img loading=\"lazy\" decoding=\"async\" class=\"aligncenter size-medium wp-image-389\" src=\"http:\/\/www.35mm.hr\/wp-content\/uploads\/2014\/09\/fvk_klonovi_03-300x200.jpg\" alt=\"fvk_klonovi_03\" width=\"300\" height=\"200\" srcset=\"https:\/\/www.35mm.hr\/wp-content\/uploads\/2014\/09\/fvk_klonovi_03-300x200.jpg 300w, https:\/\/www.35mm.hr\/wp-content\/uploads\/2014\/09\/fvk_klonovi_03-1024x682.jpg 1024w, https:\/\/www.35mm.hr\/wp-content\/uploads\/2014\/09\/fvk_klonovi_03.jpg 1500w\" sizes=\"auto, (max-width: 300px) 100vw, 300px\" \/><\/a> <a href=\"http:\/\/www.35mm.hr\/wp-content\/uploads\/2014\/09\/fvk_klonovi_01.jpg\"><img loading=\"lazy\" decoding=\"async\" class=\"aligncenter size-medium wp-image-390\" src=\"http:\/\/www.35mm.hr\/wp-content\/uploads\/2014\/09\/fvk_klonovi_01-300x200.jpg\" alt=\"fvk_klonovi_01\" width=\"300\" height=\"200\" srcset=\"https:\/\/www.35mm.hr\/wp-content\/uploads\/2014\/09\/fvk_klonovi_01-300x200.jpg 300w, https:\/\/www.35mm.hr\/wp-content\/uploads\/2014\/09\/fvk_klonovi_01-1024x682.jpg 1024w, https:\/\/www.35mm.hr\/wp-content\/uploads\/2014\/09\/fvk_klonovi_01.jpg 1500w\" sizes=\"auto, (max-width: 300px) 100vw, 300px\" \/><\/a> <a href=\"http:\/\/www.35mm.hr\/wp-content\/uploads\/2014\/09\/fvk_klonovi_02.jpg\"><img loading=\"lazy\" decoding=\"async\" class=\"aligncenter size-medium wp-image-391\" src=\"http:\/\/www.35mm.hr\/wp-content\/uploads\/2014\/09\/fvk_klonovi_02-300x200.jpg\" alt=\"fvk_klonovi_02\" width=\"300\" height=\"200\" srcset=\"https:\/\/www.35mm.hr\/wp-content\/uploads\/2014\/09\/fvk_klonovi_02-300x200.jpg 300w, https:\/\/www.35mm.hr\/wp-content\/uploads\/2014\/09\/fvk_klonovi_02-1024x682.jpg 1024w, https:\/\/www.35mm.hr\/wp-content\/uploads\/2014\/09\/fvk_klonovi_02.jpg 1500w\" sizes=\"auto, (max-width: 300px) 100vw, 300px\" \/><\/a> <a href=\"http:\/\/www.35mm.hr\/wp-content\/uploads\/2014\/09\/P9190623.jpg\"><img loading=\"lazy\" decoding=\"async\" class=\"aligncenter size-medium wp-image-392\" src=\"http:\/\/www.35mm.hr\/wp-content\/uploads\/2014\/09\/P9190623-300x225.jpg\" alt=\"OLYMPUS DIGITAL CAMERA\" width=\"300\" height=\"225\" srcset=\"https:\/\/www.35mm.hr\/wp-content\/uploads\/2014\/09\/P9190623-300x225.jpg 300w, https:\/\/www.35mm.hr\/wp-content\/uploads\/2014\/09\/P9190623.jpg 640w\" sizes=\"auto, (max-width: 300px) 100vw, 300px\" \/><\/a><\/p>\n","protected":false},"excerpt":{"rendered":"<p>U petak 19.09.2014. u Galeriji Kri\u017e otvorena je izlo\u017eba &#8220;Moji klonovi i ja&#8221;. Na izlo\u017ebi su\u00a0izlo\u017eene 43 fotografije \u010dlanova Foto video kluba &#8220;35mm&#8221; Kri\u017e, ve\u0107inom u\u010denici osnovne ili srednjih \u0161kola: Sven Balen Inga Herbst Ana Marija Kunti\u0107 Stella \u0160kvorc Allena Marie Ga\u0161parovi\u0107 Viktorija Vinceljak Fran Vidakovi\u0107 Stella \u0110udari\u0107 Ana Marija Petrec Nikolina Zeki\u0107 Petra Pugar [&hellip;]<\/p>\n","protected":false},"author":3,"featured_media":0,"comment_status":"closed","ping_status":"open","sticky":false,"template":"","format":"standard","meta":{"_crdt_document":"","footnotes":""},"categories":[3],"tags":[],"class_list":["post-386","post","type-post","status-publish","format-standard","hentry","category-news"],"_links":{"self":[{"href":"https:\/\/www.35mm.hr\/index.php?rest_route=\/wp\/v2\/posts\/386","targetHints":{"allow":["GET"]}}],"collection":[{"href":"https:\/\/www.35mm.hr\/index.php?rest_route=\/wp\/v2\/posts"}],"about":[{"href":"https:\/\/www.35mm.hr\/index.php?rest_route=\/wp\/v2\/types\/post"}],"author":[{"embeddable":true,"href":"https:\/\/www.35mm.hr\/index.php?rest_route=\/wp\/v2\/users\/3"}],"replies":[{"embeddable":true,"href":"https:\/\/www.35mm.hr\/index.php?rest_route=%2Fwp%2Fv2%2Fcomments&post=386"}],"version-history":[{"count":3,"href":"https:\/\/www.35mm.hr\/index.php?rest_route=\/wp\/v2\/posts\/386\/revisions"}],"predecessor-version":[{"id":395,"href":"https:\/\/www.35mm.hr\/index.php?rest_route=\/wp\/v2\/posts\/386\/revisions\/395"}],"wp:attachment":[{"href":"https:\/\/www.35mm.hr\/index.php?rest_route=%2Fwp%2Fv2%2Fmedia&parent=386"}],"wp:term":[{"taxonomy":"category","embeddable":true,"href":"https:\/\/www.35mm.hr\/index.php?rest_route=%2Fwp%2Fv2%2Fcategories&post=386"},{"taxonomy":"post_tag","embeddable":true,"href":"https:\/\/www.35mm.hr\/index.php?rest_route=%2Fwp%2Fv2%2Ftags&post=386"}],"curies":[{"name":"wp","href":"https:\/\/api.w.org\/{rel}","templated":true}]}}