{"id":383,"date":"2014-06-28T22:33:14","date_gmt":"2014-06-28T20:33:14","guid":{"rendered":"http:\/\/www.35mm.hr\/?p=383"},"modified":"2014-06-28T22:33:14","modified_gmt":"2014-06-28T20:33:14","slug":"veliko-hvala","status":"publish","type":"post","link":"https:\/\/www.35mm.hr\/?p=383","title":{"rendered":"Veliko hvala"},"content":{"rendered":"<p>&nbsp;<\/p>\n<ol>\n<li>Grad Ivani\u0107-Grad<\/li>\n<li>Turisti\u010dka zajednica grada Ivani\u0107-Grada<\/li>\n<li>Pu\u010dko otvoreno u\u010dili\u0161te Ivani\u0107-Grad<\/li>\n<li>Savjet mladih<\/li>\n<li>Osnovna \u0161kola \u201e\u0110uro De\u017eeli\u0107\u201c<\/li>\n<li>Zajednica tehni\u010dke kulture Zagreba\u010dke \u017eupanije<\/li>\n<li>Obiteljski Radio Ivani\u0107<\/li>\n<li>Aqua Keti<\/li>\n<li>Vatrogasna postrojba Ivani\u0107-Grada<\/li>\n<li>Elektro-grupa d.o.o.<\/li>\n<li>Fakultet elektrotehnike i ra\u010dunarstva &#8211; program \u0160UZA: www.suza.hr<\/li>\n<\/ol>\n","protected":false},"excerpt":{"rendered":"<p>&nbsp; Grad Ivani\u0107-Grad Turisti\u010dka zajednica grada Ivani\u0107-Grada Pu\u010dko otvoreno u\u010dili\u0161te Ivani\u0107-Grad Savjet mladih Osnovna \u0161kola \u201e\u0110uro De\u017eeli\u0107\u201c Zajednica tehni\u010dke kulture Zagreba\u010dke \u017eupanije Obiteljski Radio Ivani\u0107 Aqua Keti Vatrogasna postrojba Ivani\u0107-Grada Elektro-grupa d.o.o. Fakultet elektrotehnike i ra\u010dunarstva &#8211; program \u0160UZA: www.suza.hr<\/p>\n","protected":false},"author":3,"featured_media":0,"comment_status":"closed","ping_status":"open","sticky":false,"template":"","format":"standard","meta":{"_crdt_document":"","footnotes":""},"categories":[3],"tags":[],"class_list":["post-383","post","type-post","status-publish","format-standard","hentry","category-news"],"_links":{"self":[{"href":"https:\/\/www.35mm.hr\/index.php?rest_route=\/wp\/v2\/posts\/383","targetHints":{"allow":["GET"]}}],"collection":[{"href":"https:\/\/www.35mm.hr\/index.php?rest_route=\/wp\/v2\/posts"}],"about":[{"href":"https:\/\/www.35mm.hr\/index.php?rest_route=\/wp\/v2\/types\/post"}],"author":[{"embeddable":true,"href":"https:\/\/www.35mm.hr\/index.php?rest_route=\/wp\/v2\/users\/3"}],"replies":[{"embeddable":true,"href":"https:\/\/www.35mm.hr\/index.php?rest_route=%2Fwp%2Fv2%2Fcomments&post=383"}],"version-history":[{"count":1,"href":"https:\/\/www.35mm.hr\/index.php?rest_route=\/wp\/v2\/posts\/383\/revisions"}],"predecessor-version":[{"id":384,"href":"https:\/\/www.35mm.hr\/index.php?rest_route=\/wp\/v2\/posts\/383\/revisions\/384"}],"wp:attachment":[{"href":"https:\/\/www.35mm.hr\/index.php?rest_route=%2Fwp%2Fv2%2Fmedia&parent=383"}],"wp:term":[{"taxonomy":"category","embeddable":true,"href":"https:\/\/www.35mm.hr\/index.php?rest_route=%2Fwp%2Fv2%2Fcategories&post=383"},{"taxonomy":"post_tag","embeddable":true,"href":"https:\/\/www.35mm.hr\/index.php?rest_route=%2Fwp%2Fv2%2Ftags&post=383"}],"curies":[{"name":"wp","href":"https:\/\/api.w.org\/{rel}","templated":true}]}}