{"id":375,"date":"2014-06-27T10:19:24","date_gmt":"2014-06-27T08:19:24","guid":{"rendered":"http:\/\/www.35mm.hr\/?p=375"},"modified":"2014-06-27T10:20:06","modified_gmt":"2014-06-27T08:20:06","slug":"4-dan-ljetne-skole","status":"publish","type":"post","link":"https:\/\/www.35mm.hr\/?p=375","title":{"rendered":"4. dan ljetne \u0161kole"},"content":{"rendered":"<p><strong>Un, deux, trois (1-3 razred, 6-8 razred)<\/strong><\/p>\n<p>Na radionici francuskog jezika djeca su se nau\u010dila pozdravljati, predstaviti, nau\u010dila su brojati, omiljenu hranu i dijelove tijela. Ovisno o uzrastu, pristup u\u010denju je bio razli\u010dit. Obje grupe su nau\u010dile i nekoliko pjesmica, koliko uspje\u0161no, mo\u0107i \u0107ete pogledati na zavr\u0161noj radionici!<\/p>\n<p><strong>Upoznavanje instrumenata i rada orkestra (1-3 razred)<\/strong><\/p>\n<p>Radionica-edukativni koncert za djecu od 1-3 razreda. Odr\u017eali smo kratki koncert na kojem su sudjelovali: Korina \u017du\u0107ko &#8211; flauta, Helena Matkovi\u0107 &#8211; klarinet, Mario Vukovi\u0107 &#8211; saksofon iz glazbene \u0161kole Milka Trnina u Ivani\u0107u te biv\u0161e u\u010denice \u0161kole, Tea Lon\u010dari\u0107 Klobuk &#8211; flauta i Ivana Reli\u0107 &#8211; klarinet, koje polaze srednju glazbenu \u0161kolu. Sudjelovali su i gosti iz Velike Gorice, Marko Kopilovi\u0107 &#8211; truba i iz Petrinje, Tesa Komlinovi\u0107 &#8211; trombon i Barbara Dolenec &#8211; rog. Posebne go\u0161\u0107e su bile prof. Zdenka Dru\u017einec koja je pratila puha\u010de na klaviru i Amina Belovari &#8211; rog, studentica s Muzi\u010dke akademije. Nakon koncerta smo kratko prezentirali svaki pojedini instrument te su djeca mogla isprobati drvene i limene puha\u010dke instrumente. Na kraju su djeca poslu\u0161ala dio probe puha\u010dkog orkestra i time vidjeli kako orkestar priprema i uvje\u017ebava koncert. Radionicu je vodila Veronika Jarec.<\/p>\n<p><strong>Plesom na put oko svijeta (4-8 razred)<\/strong><\/p>\n<p>Voditeljica Plesnog centra Karizma, Lejla Nev\u017eala Bjedov, djecu je kroz ples upoznala sa razli\u010ditim kulturama svijeta i njihovim posebnostima koje se mogu osjetiti kroz ples. Tako su polaznice i polaznici radionice zaplesalo elegantni i harmoni\u010dni Engleski valcer porijeklom iz Velike Britanije, ponosni, karizmati\u010dni i o\u0161tri Paso Doble iz \u0160panjolske, veseli i rasplesani merengue iz Dominikanske Republike, i modernu koreografiju Street Dance plesnog stila.<\/p>\n","protected":false},"excerpt":{"rendered":"<p>Un, deux, trois (1-3 razred, 6-8 razred) Na radionici francuskog jezika djeca su se nau\u010dila pozdravljati, predstaviti, nau\u010dila su brojati, omiljenu hranu i dijelove tijela. Ovisno o uzrastu, pristup u\u010denju je bio razli\u010dit. Obje grupe su nau\u010dile i nekoliko pjesmica, koliko uspje\u0161no, mo\u0107i \u0107ete pogledati na zavr\u0161noj radionici! Upoznavanje instrumenata i rada orkestra (1-3 razred) [&hellip;]<\/p>\n","protected":false},"author":3,"featured_media":0,"comment_status":"closed","ping_status":"open","sticky":false,"template":"","format":"standard","meta":{"_crdt_document":"","footnotes":""},"categories":[3],"tags":[],"class_list":["post-375","post","type-post","status-publish","format-standard","hentry","category-news"],"_links":{"self":[{"href":"https:\/\/www.35mm.hr\/index.php?rest_route=\/wp\/v2\/posts\/375","targetHints":{"allow":["GET"]}}],"collection":[{"href":"https:\/\/www.35mm.hr\/index.php?rest_route=\/wp\/v2\/posts"}],"about":[{"href":"https:\/\/www.35mm.hr\/index.php?rest_route=\/wp\/v2\/types\/post"}],"author":[{"embeddable":true,"href":"https:\/\/www.35mm.hr\/index.php?rest_route=\/wp\/v2\/users\/3"}],"replies":[{"embeddable":true,"href":"https:\/\/www.35mm.hr\/index.php?rest_route=%2Fwp%2Fv2%2Fcomments&post=375"}],"version-history":[{"count":2,"href":"https:\/\/www.35mm.hr\/index.php?rest_route=\/wp\/v2\/posts\/375\/revisions"}],"predecessor-version":[{"id":377,"href":"https:\/\/www.35mm.hr\/index.php?rest_route=\/wp\/v2\/posts\/375\/revisions\/377"}],"wp:attachment":[{"href":"https:\/\/www.35mm.hr\/index.php?rest_route=%2Fwp%2Fv2%2Fmedia&parent=375"}],"wp:term":[{"taxonomy":"category","embeddable":true,"href":"https:\/\/www.35mm.hr\/index.php?rest_route=%2Fwp%2Fv2%2Fcategories&post=375"},{"taxonomy":"post_tag","embeddable":true,"href":"https:\/\/www.35mm.hr\/index.php?rest_route=%2Fwp%2Fv2%2Ftags&post=375"}],"curies":[{"name":"wp","href":"https:\/\/api.w.org\/{rel}","templated":true}]}}