{"id":301,"date":"2013-10-15T22:03:34","date_gmt":"2013-10-15T20:03:34","guid":{"rendered":"http:\/\/www.35mm.hr\/?p=301"},"modified":"2013-10-15T22:06:25","modified_gmt":"2013-10-15T20:06:25","slug":"fotografski-natjecaj-9-bucijada-2013","status":"publish","type":"post","link":"https:\/\/www.35mm.hr\/?p=301","title":{"rendered":"Fotografski natje\u010daj 9. Bu\u010dijada 2013."},"content":{"rendered":"<p>Turisti\u010dka zajednica Grada Ivani\u0107-Grada i<br \/>\nFoto video klub \u201e35mm\u201c Kri\u017e<br \/>\nraspisuju fotografski natje\u010daj 9. Bu\u010dijada<\/p>\n<p>Tema<\/p>\n<p><strong>1. Pojest \u0107u te!<\/strong><br \/>\n<strong> 2. Bu\u010da<\/strong><\/p>\n<p>Fotografije moraju biti snimljene za vrijeme turisti\u010dke manifestacije \u201eBu\u010dijada 2013.\u201c u Ivani\u0107-Gradu.<\/p>\n<p><span style=\"text-decoration: underline;\">Uvjeti natje\u010daja<\/span><\/p>\n<p>Sudjelovanje na natje\u010daju je besplatno.<br \/>\nSvaki autor mo\u017ee poslati maksimalno <strong>\u010detiri fotografije na svaku temu<\/strong>.<\/p>\n<p>Fotografije moraju biti u formatu .JPG, 300 dpi, minimalnih dimenzija 2000&#215;3000 piksela.<br \/>\nSlike imenovati: ImePrezime_RedniBrojTeme_ImeSlike.jpg (npr. StellaDudaric_2_VeselaBuca.jpg)<br \/>\nFotografije slati na adresu:<strong> foto.buca@gmail.com<\/strong><br \/>\nU e-mailu navesti osobne podatke:<\/p>\n<p>\u2022 Ime:<br \/>\n\u2022 Prezime:<br \/>\n\u2022 Spol:<br \/>\n\u2022 Adresa:<br \/>\n\u2022 Broj telefona:<br \/>\n\u2022 E-mail adresa:<br \/>\n\u2022 Godina ro\u0111enja:<\/p>\n<p>Ukoliko sve fotografije ne stanu u jednu e-mail poruku, po\u0161aljite ih odvojeno, a osobne podatke po\u0161aljite u prvom e-mailu.<\/p>\n<p><span style=\"text-decoration: underline;\">Op\u0107e odredbe<\/span><\/p>\n<p>Natje\u010daj je otvoren za sve fotografe, amatere i profesionalce, pojedince i \u010dlanove fotoklubova.<br \/>\nOrganizatori pridr\u017eavaju pravo reprodukcije fotografija u cilju promid\u017ebe Natje\u010daja i turisti\u010dke manifestacije \u201eBu\u010dijada\u201c bez naknade autoru.<\/p>\n<p>Svaki autor snosi osobnu odgovornost za ono \u0161to predstavljaju njegova djela.<br \/>\nSudjelovanje na Natje\u010daju obvezuje prihva\u0107anje ovih pravila.<\/p>\n<p>Prigodne nagrade osigurava Turisti\u010dka zajednica Grada Ivani\u0107-Grada<\/p>\n<p><span style=\"text-decoration: underline;\">Kalendar<\/span><br \/>\n<strong>Bu\u010dijada: 19. 10. 2013. i 20. 10. 2013.<\/strong><br \/>\n<strong> Posljednji dan primanja fotografija: 31. 10. 2013.<\/strong><br \/>\n<strong> Rezultati natje\u010daja: 11. 11. 2013.<\/strong><\/p>\n","protected":false},"excerpt":{"rendered":"<p>Turisti\u010dka zajednica Grada Ivani\u0107-Grada i Foto video klub \u201e35mm\u201c Kri\u017e raspisuju fotografski natje\u010daj 9. Bu\u010dijada Tema 1. Pojest \u0107u te! 2. Bu\u010da Fotografije moraju biti snimljene za vrijeme turisti\u010dke manifestacije \u201eBu\u010dijada 2013.\u201c u Ivani\u0107-Gradu. Uvjeti natje\u010daja Sudjelovanje na natje\u010daju je besplatno. Svaki autor mo\u017ee poslati maksimalno \u010detiri fotografije na svaku temu. Fotografije moraju biti u [&hellip;]<\/p>\n","protected":false},"author":3,"featured_media":0,"comment_status":"closed","ping_status":"open","sticky":false,"template":"","format":"standard","meta":{"_crdt_document":"","footnotes":""},"categories":[3],"tags":[],"class_list":["post-301","post","type-post","status-publish","format-standard","hentry","category-news"],"_links":{"self":[{"href":"https:\/\/www.35mm.hr\/index.php?rest_route=\/wp\/v2\/posts\/301","targetHints":{"allow":["GET"]}}],"collection":[{"href":"https:\/\/www.35mm.hr\/index.php?rest_route=\/wp\/v2\/posts"}],"about":[{"href":"https:\/\/www.35mm.hr\/index.php?rest_route=\/wp\/v2\/types\/post"}],"author":[{"embeddable":true,"href":"https:\/\/www.35mm.hr\/index.php?rest_route=\/wp\/v2\/users\/3"}],"replies":[{"embeddable":true,"href":"https:\/\/www.35mm.hr\/index.php?rest_route=%2Fwp%2Fv2%2Fcomments&post=301"}],"version-history":[{"count":2,"href":"https:\/\/www.35mm.hr\/index.php?rest_route=\/wp\/v2\/posts\/301\/revisions"}],"predecessor-version":[{"id":308,"href":"https:\/\/www.35mm.hr\/index.php?rest_route=\/wp\/v2\/posts\/301\/revisions\/308"}],"wp:attachment":[{"href":"https:\/\/www.35mm.hr\/index.php?rest_route=%2Fwp%2Fv2%2Fmedia&parent=301"}],"wp:term":[{"taxonomy":"category","embeddable":true,"href":"https:\/\/www.35mm.hr\/index.php?rest_route=%2Fwp%2Fv2%2Fcategories&post=301"},{"taxonomy":"post_tag","embeddable":true,"href":"https:\/\/www.35mm.hr\/index.php?rest_route=%2Fwp%2Fv2%2Ftags&post=301"}],"curies":[{"name":"wp","href":"https:\/\/api.w.org\/{rel}","templated":true}]}}