{"id":292,"date":"2013-09-11T21:48:05","date_gmt":"2013-09-11T19:48:05","guid":{"rendered":"http:\/\/www.35mm.hr\/?p=292"},"modified":"2013-09-11T21:50:15","modified_gmt":"2013-09-11T19:50:15","slug":"u-ogledalu","status":"publish","type":"post","link":"https:\/\/www.35mm.hr\/?p=292","title":{"rendered":"U ogledalu"},"content":{"rendered":"<p>U utorak, 10.09.2013.\u00a0 otvorena je izlo\u017eba fotografija \u010dlanova Kluba pod zajedni\u010dkom temom &#8220;U ogledalu&#8221;.<\/p>\n<p>Na izlo\u017ebi je izlo\u017eeno 43 fotografija 18 autora:<\/p>\n<p>Marta Martinac, Nives Ratkovi\u0107, Nikolina Zeki\u0107, Stella \u0110udari\u0107, Ema Herbst, Petra Pugar, Martina Fuka\u010d, Klara \u0160imi\u0107, Dario Nik\u0161i\u0107, Tina Blagu\u0161evi\u0107, Tin Pugar, Marina Domitrovi\u0107, Josip Kolakovi\u0107, Mijomir Dujmovi\u0107, Maja Mihelja \u017daja, Pavle Lon\u010dar, Ana Sovi\u0107 i Boris Kr\u017ei\u0107.<\/p>\n<p>Izlo\u017eba \u0107e biti otvorena kroz mjesec rujan, <strong>svaki petak od 19:30 &#8211; 22:00<\/strong>. Mogu\u0107e ju je otvoriti i prema najavi na fvk35mm@gmail.com.<\/p>\n<p><a href=\"http:\/\/www.35mm.hr\/wp-content\/uploads\/2013\/09\/u_ogledalu_pozivnica.jpg\"><img loading=\"lazy\" decoding=\"async\" class=\"aligncenter size-medium wp-image-293\" alt=\"u_ogledalu_pozivnica\" src=\"http:\/\/www.35mm.hr\/wp-content\/uploads\/2013\/09\/u_ogledalu_pozivnica-300x212.jpg\" width=\"300\" height=\"212\" srcset=\"https:\/\/www.35mm.hr\/wp-content\/uploads\/2013\/09\/u_ogledalu_pozivnica-300x212.jpg 300w, https:\/\/www.35mm.hr\/wp-content\/uploads\/2013\/09\/u_ogledalu_pozivnica.jpg 960w\" sizes=\"auto, (max-width: 300px) 100vw, 300px\" \/><\/a><\/p>\n","protected":false},"excerpt":{"rendered":"<p>U utorak, 10.09.2013.\u00a0 otvorena je izlo\u017eba fotografija \u010dlanova Kluba pod zajedni\u010dkom temom &#8220;U ogledalu&#8221;. Na izlo\u017ebi je izlo\u017eeno 43 fotografija 18 autora: Marta Martinac, Nives Ratkovi\u0107, Nikolina Zeki\u0107, Stella \u0110udari\u0107, Ema Herbst, Petra Pugar, Martina Fuka\u010d, Klara \u0160imi\u0107, Dario Nik\u0161i\u0107, Tina Blagu\u0161evi\u0107, Tin Pugar, Marina Domitrovi\u0107, Josip Kolakovi\u0107, Mijomir Dujmovi\u0107, Maja Mihelja \u017daja, Pavle Lon\u010dar, [&hellip;]<\/p>\n","protected":false},"author":3,"featured_media":0,"comment_status":"closed","ping_status":"open","sticky":false,"template":"","format":"standard","meta":{"_crdt_document":"","footnotes":""},"categories":[3],"tags":[],"class_list":["post-292","post","type-post","status-publish","format-standard","hentry","category-news"],"_links":{"self":[{"href":"https:\/\/www.35mm.hr\/index.php?rest_route=\/wp\/v2\/posts\/292","targetHints":{"allow":["GET"]}}],"collection":[{"href":"https:\/\/www.35mm.hr\/index.php?rest_route=\/wp\/v2\/posts"}],"about":[{"href":"https:\/\/www.35mm.hr\/index.php?rest_route=\/wp\/v2\/types\/post"}],"author":[{"embeddable":true,"href":"https:\/\/www.35mm.hr\/index.php?rest_route=\/wp\/v2\/users\/3"}],"replies":[{"embeddable":true,"href":"https:\/\/www.35mm.hr\/index.php?rest_route=%2Fwp%2Fv2%2Fcomments&post=292"}],"version-history":[{"count":2,"href":"https:\/\/www.35mm.hr\/index.php?rest_route=\/wp\/v2\/posts\/292\/revisions"}],"predecessor-version":[{"id":295,"href":"https:\/\/www.35mm.hr\/index.php?rest_route=\/wp\/v2\/posts\/292\/revisions\/295"}],"wp:attachment":[{"href":"https:\/\/www.35mm.hr\/index.php?rest_route=%2Fwp%2Fv2%2Fmedia&parent=292"}],"wp:term":[{"taxonomy":"category","embeddable":true,"href":"https:\/\/www.35mm.hr\/index.php?rest_route=%2Fwp%2Fv2%2Fcategories&post=292"},{"taxonomy":"post_tag","embeddable":true,"href":"https:\/\/www.35mm.hr\/index.php?rest_route=%2Fwp%2Fv2%2Ftags&post=292"}],"curies":[{"name":"wp","href":"https:\/\/api.w.org\/{rel}","templated":true}]}}