{"id":272,"date":"2013-07-01T23:31:18","date_gmt":"2013-07-01T21:31:18","guid":{"rendered":"http:\/\/www.35mm.hr\/?p=272"},"modified":"2013-07-01T23:31:18","modified_gmt":"2013-07-01T21:31:18","slug":"peti-dan-ljetne-skole","status":"publish","type":"post","link":"https:\/\/www.35mm.hr\/?p=272","title":{"rendered":"Peti dan Ljetne \u0161kole"},"content":{"rendered":"<p>Predzadnji dan radionica na Ljetnoj \u0161koli Ivani\u0107-Grad 2013. zapo\u010deo je arheologijom. Na radionici <b>U potrazi za izgubljenim vremenom \u2013 Postani Indiana Jones! <\/b>djeca su u\u010dila o povijesti, arheologiji, povijesnim razdobljima te arheolozima. U prakti\u010dnom dijelu su se pod vodstvom <strong>Jagora Bla\u017ei\u0107a<\/strong> oku\u0161ala u ga\u0111anju samostrelom. Potom su se bacila na tra\u017eenje blaga na terenu pod vodstvom <strong>Vide Pust \u0160krgulje<\/strong>. Moramo priznati da su bili vrlo brzi u pronala\u017eenju te vrlo strpljivi prilikom otkopavanja i va\u0111enja predmeta.<\/p>\n<p><strong>Prijatelji ba\u0161tine<\/strong> odr\u017eali su radionicu na kojoj su raspravljali o povijesnom bogatstvu Ivani\u0107 &#8211; Grada te je to djeci poslu\u017eilo da sami osmisle izgled muzeja u Ivani\u0107u kao i njegovu unutra\u0161njost. Osmi\u0161ljavanje muzeja djeci je bio pravi gu\u0161t kao i predstavljanje istoga.<\/p>\n<p>Na radionici <b>Solarni suncokret sadimo na Internet <\/b>kroz igru i razbibrigu u\u010denici su se okrenuli prema suncu i upoznali se sa obnovljivim izvorima energije. Radionicu je vodio <strong>Zoran Kordi\u0107<\/strong>, a odr\u017eala se u dvori\u0161tu Osnovne \u0161kole \u201e\u0110uro De\u017eeli\u0107\u201c.<\/p>\n<p>Posljednja radionica bila je <strong>Poletarac<\/strong>. Djeca su se na terenu oku\u0161ala u pu\u0161tanju svojih aviona. Tako\u0111er su vidjela i primjerke iz <strong>Aerokluba Ivani\u0107 &#8211; Grad<\/strong> na djelu. Ponos sa svojim uratkom te zadivljenost sa primjercima iz Aerokluba Ivani\u0107 &#8211; Grad osjetila se tijekom radionice.<\/p>\n<p>Ru\u010dak je osiguran u suradnji sa Konat d.o.o., restoran <strong>Ivani\u0107anka<\/strong>.<\/p>\n<p>Posljednjeg dana radionica, o\u010dekuje nas <strong>Uradi sam<\/strong> pod vodstvom <strong>Anite Loth<\/strong> u 14:00 sati u maloj sali Doma kulture. Djeca \u0107e nau\u010diti sa\u0161iti gumbe, napraviti jestivi plastelin, te pripremiti kola\u010di\u0107e koji \u0107e biti poslu\u017eeni roditeljima i ostalim posjetiteljima na zavr\u0161noj radionici. Zavr\u0161na radionica po\u010dinje u 17:00 i pozivamo sve roditelje, djecu, voditelje radionica, kao i sve na\u0161e sugra\u0111ane da posjete izlo\u017ebu dje\u010djih radova nastalih tokom Ljetne \u0161kole Ivani\u0107-Grad 2013. U sklopu sve\u010danosti bit \u0107e podijeljene diplome djeci kao i predstavljeno izabrano ime Ljetne \u0161kole, koji su predlo\u017eila djeca, polaznici radionica.<\/p>\n<p>&nbsp;<\/p>\n<p>&nbsp;<\/p>\n<p>&nbsp;<\/p>\n<p>&nbsp;<\/p>\n","protected":false},"excerpt":{"rendered":"<p>Predzadnji dan radionica na Ljetnoj \u0161koli Ivani\u0107-Grad 2013. zapo\u010deo je arheologijom. Na radionici U potrazi za izgubljenim vremenom \u2013 Postani Indiana Jones! djeca su u\u010dila o povijesti, arheologiji, povijesnim razdobljima te arheolozima. U prakti\u010dnom dijelu su se pod vodstvom Jagora Bla\u017ei\u0107a oku\u0161ala u ga\u0111anju samostrelom. Potom su se bacila na tra\u017eenje blaga na terenu pod [&hellip;]<\/p>\n","protected":false},"author":3,"featured_media":0,"comment_status":"closed","ping_status":"open","sticky":false,"template":"","format":"standard","meta":{"_crdt_document":"","footnotes":""},"categories":[3],"tags":[],"class_list":["post-272","post","type-post","status-publish","format-standard","hentry","category-news"],"_links":{"self":[{"href":"https:\/\/www.35mm.hr\/index.php?rest_route=\/wp\/v2\/posts\/272","targetHints":{"allow":["GET"]}}],"collection":[{"href":"https:\/\/www.35mm.hr\/index.php?rest_route=\/wp\/v2\/posts"}],"about":[{"href":"https:\/\/www.35mm.hr\/index.php?rest_route=\/wp\/v2\/types\/post"}],"author":[{"embeddable":true,"href":"https:\/\/www.35mm.hr\/index.php?rest_route=\/wp\/v2\/users\/3"}],"replies":[{"embeddable":true,"href":"https:\/\/www.35mm.hr\/index.php?rest_route=%2Fwp%2Fv2%2Fcomments&post=272"}],"version-history":[{"count":2,"href":"https:\/\/www.35mm.hr\/index.php?rest_route=\/wp\/v2\/posts\/272\/revisions"}],"predecessor-version":[{"id":274,"href":"https:\/\/www.35mm.hr\/index.php?rest_route=\/wp\/v2\/posts\/272\/revisions\/274"}],"wp:attachment":[{"href":"https:\/\/www.35mm.hr\/index.php?rest_route=%2Fwp%2Fv2%2Fmedia&parent=272"}],"wp:term":[{"taxonomy":"category","embeddable":true,"href":"https:\/\/www.35mm.hr\/index.php?rest_route=%2Fwp%2Fv2%2Fcategories&post=272"},{"taxonomy":"post_tag","embeddable":true,"href":"https:\/\/www.35mm.hr\/index.php?rest_route=%2Fwp%2Fv2%2Ftags&post=272"}],"curies":[{"name":"wp","href":"https:\/\/api.w.org\/{rel}","templated":true}]}}