{"id":252,"date":"2013-06-26T22:30:17","date_gmt":"2013-06-26T20:30:17","guid":{"rendered":"http:\/\/www.35mm.hr\/?p=252"},"modified":"2013-06-26T22:31:32","modified_gmt":"2013-06-26T20:31:32","slug":"ljetna-skola-1-dan-2","status":"publish","type":"post","link":"https:\/\/www.35mm.hr\/?p=252","title":{"rendered":"Ljetna \u0161kola, 1.dan"},"content":{"rendered":"<p><strong>Upoznavanje ba\u0161tine<\/strong><br \/>\nNa dana\u0161njoj radionici u organizaciji udruge Prijatelji ba\u0161tine sudjelovalo je gotovo 40-tak u\u010denika ni\u017eih i vi\u0161ih razreda iz svih osnovnih \u0161kola s podru\u010dja Ivani\u0107-Grada i okolice. Tijekom dvosatnog dru\u017eenja i \u0161etnje gradom djeca su na interaktivan na\u010din ispunjavala zavi\u010dajni radni listi\u0107 pod nazivom &#8220;Ba\u0161tina mog zavi\u010daja&#8221;. Radionicu su vodile Ana Ga\u0161parovi\u0107 i Katarina Magi\u0107 Ko\u0161\u010devi\u0107. U\u010denici su sa zanimanjem otkrivali njima dosada nepoznate podatke i zanimljivosti na\u0161eg kraja; npr. da se u na\u0161em gradu nalazi &#8220;Koko\u0161arski plac&#8221;, da se na prostoru dana\u0161njeg parka nekada nalazila drvena tvr\u0111ava ili da se poglavarstvo grada u 19.st. sastojalo od na\u010delnika, lije\u010dnika, pisara, suca, upravnika i dvorskih stra\u017eara.<\/p>\n<p><strong>Mozgalice<\/strong><br \/>\nGotovo 50-tero djece je sudjelovalo na radionici Mozgalice. Radionicu je vodila Ana Sovi\u0107, s pomo\u0107nicima: Kristina Poto\u010dki, Ema Herbst, Petra Pugar, Stella \u0110udari\u0107, Josipa Topolko, Antonio Bel\u010di\u0107, Valentina Blagu\u0161evi\u0107 i Stela \u0160eremet. Igre su bile prilago\u0111ene uzrastu djece, tako su stariji u\u010denici igrali: Set karte, Jungle speed, Quarto, Pylos, Tri u niz i Triplexity. Mla\u0111i u\u010denici slagali su razli\u010dite kocke, tanagram, rje\u0161avali Rubikove kocke, vadili kuglicu iz kaveza, te rje\u0161avali zagonetke na papiru (npr. simboli\u010dki labirint i fillomino). Ovoj djeci matematika i logika nisu bauk!<\/p>\n<p><strong>Nabildaj se timski<\/strong><br \/>\nPosljednja radionica u organizaciji Udruge HOP pod nazivom Nabildaj se timski imala je za cilj me\u0111usobno upoznavanje djece, pobu\u0111ivanje timskog duha, dru\u017eenje&#8230; Svaki tim trebao je biti dosjetljiv, inovativan i poku\u0161ati rije\u0161iti zadatke koji su se postavili pred njih&#8230; 50tero djece, podijeljeno je u 3 grupice, kako bi lak\u0161e radili sa njima te kako bi se oni bolje upoznali. Radionicu su vodile Ana Bari\u0161ec, Maja Romani\u0107 i Josipa Topolko. Kako bi se djeca bolje upoznala i povezala prvo smo igrali igru poznavanje wc papirom. Potom su pokazali kakav su tim na na\u010din da su morali napraviti skulpture svojim tijelima &#8211; skulpture ljubavi, auta, ku\u0107e. Uslijedila je igra u kojoj su pokazali svoje gra\u0111evinske sposobnosti &#8211; radili su tvr\u0111ave sa jednim hamer papirom, jednim \u0161karama i ljepilom i jednim flomi\u0107em, ali pri izradi dvorca nisu smjeli pri\u010dati&#8230; Na kraju uslijedila je igra Nevidljivi prijatelj u kojoj je svaki \u010dlan nalijepio na svoja le\u0111a papir dok su mu drugi na taj papri pisali osobine koje su uo\u010dili kod njega, a da im se svi\u0111aju&#8230; Sa radionice je svaki \u010dlan oti\u0161ao sa svojim papirom prepunim kvaliteta, dobrih osobina koje ima te sa osmijehom na licu&#8230;<br \/>\nNa svim radionicama bilo je brdo smijeha, igrica, u\u010denja, dru\u017eenja i vidimo se i sutra!<\/p>\n<p><strong>Ru\u010dak<\/strong><br \/>\nNa dana\u0161njem ru\u010dku zahvaljujemo gospodinu Zdravku Le\u0161kovi\u0107u i Savjetu mladih Ivani\u0107-Grada, koji su financirali pizze za svu djecu.<\/p>\n<p><strong>\u0160to nas \u010deka sutra?<\/strong><\/p>\n<p>U \u010detvrtak 27.06.2013. na programu je drugi dio Ba\u0161tine sa Prijateljima ba\u0161tine, Vatru gasi brata spasi sa Dobrovoljnim vatrogasnim dru\u0161tvima Ivani\u0107, Jal\u0161evec i Dubrov\u010dak Lijevi, te Fotkanje ljudi sa Foto video klubom \u201e35mm\u201c Kri\u017e. Sva djeca se mole da uzmu fotoaparate i kabele za povezivanje fotoaparata s ra\u010dunalom za prebacivanje slika. Ru\u010dkom \u010daste organizatori radionica.<\/p>\n","protected":false},"excerpt":{"rendered":"<p>Upoznavanje ba\u0161tine Na dana\u0161njoj radionici u organizaciji udruge Prijatelji ba\u0161tine sudjelovalo je gotovo 40-tak u\u010denika ni\u017eih i vi\u0161ih razreda iz svih osnovnih \u0161kola s podru\u010dja Ivani\u0107-Grada i okolice. Tijekom dvosatnog dru\u017eenja i \u0161etnje gradom djeca su na interaktivan na\u010din ispunjavala zavi\u010dajni radni listi\u0107 pod nazivom &#8220;Ba\u0161tina mog zavi\u010daja&#8221;. Radionicu su vodile Ana Ga\u0161parovi\u0107 i Katarina [&hellip;]<\/p>\n","protected":false},"author":3,"featured_media":0,"comment_status":"closed","ping_status":"open","sticky":false,"template":"","format":"standard","meta":{"_crdt_document":"","footnotes":""},"categories":[3],"tags":[],"class_list":["post-252","post","type-post","status-publish","format-standard","hentry","category-news"],"_links":{"self":[{"href":"https:\/\/www.35mm.hr\/index.php?rest_route=\/wp\/v2\/posts\/252","targetHints":{"allow":["GET"]}}],"collection":[{"href":"https:\/\/www.35mm.hr\/index.php?rest_route=\/wp\/v2\/posts"}],"about":[{"href":"https:\/\/www.35mm.hr\/index.php?rest_route=\/wp\/v2\/types\/post"}],"author":[{"embeddable":true,"href":"https:\/\/www.35mm.hr\/index.php?rest_route=\/wp\/v2\/users\/3"}],"replies":[{"embeddable":true,"href":"https:\/\/www.35mm.hr\/index.php?rest_route=%2Fwp%2Fv2%2Fcomments&post=252"}],"version-history":[{"count":3,"href":"https:\/\/www.35mm.hr\/index.php?rest_route=\/wp\/v2\/posts\/252\/revisions"}],"predecessor-version":[{"id":256,"href":"https:\/\/www.35mm.hr\/index.php?rest_route=\/wp\/v2\/posts\/252\/revisions\/256"}],"wp:attachment":[{"href":"https:\/\/www.35mm.hr\/index.php?rest_route=%2Fwp%2Fv2%2Fmedia&parent=252"}],"wp:term":[{"taxonomy":"category","embeddable":true,"href":"https:\/\/www.35mm.hr\/index.php?rest_route=%2Fwp%2Fv2%2Fcategories&post=252"},{"taxonomy":"post_tag","embeddable":true,"href":"https:\/\/www.35mm.hr\/index.php?rest_route=%2Fwp%2Fv2%2Ftags&post=252"}],"curies":[{"name":"wp","href":"https:\/\/api.w.org\/{rel}","templated":true}]}}