{"id":251,"date":"2013-06-25T22:06:52","date_gmt":"2013-06-25T20:06:52","guid":{"rendered":"http:\/\/www.35mm.hr\/?p=251"},"modified":"2013-06-25T22:06:52","modified_gmt":"2013-06-25T20:06:52","slug":"1-dan-ljetne-skole","status":"publish","type":"post","link":"https:\/\/www.35mm.hr\/?p=251","title":{"rendered":"1. dan Ljetne \u0161kole"},"content":{"rendered":"<p>U srijedu u 10:00 sati po\u010dinje Ljetna \u0161kola Ivani\u0107 &#8211; Grad 2013. Sva djeca koja su se prijavila na radionice su primljena.<br \/>\nNa na\u0161u veliku radost &#8211; za prvi dan radionica imamo osiguran ru\u010dak! A na\u0161 sponzor je Savjet mladih!<br \/>\nVidimo se u srijedu u 10:00!<\/p>\n","protected":false},"excerpt":{"rendered":"<p>U srijedu u 10:00 sati po\u010dinje Ljetna \u0161kola Ivani\u0107 &#8211; Grad 2013. Sva djeca koja su se prijavila na radionice su primljena. Na na\u0161u veliku radost &#8211; za prvi dan radionica imamo osiguran ru\u010dak! A na\u0161 sponzor je Savjet mladih! Vidimo se u srijedu u 10:00!<\/p>\n","protected":false},"author":3,"featured_media":0,"comment_status":"closed","ping_status":"open","sticky":false,"template":"","format":"standard","meta":{"_crdt_document":"","footnotes":""},"categories":[3],"tags":[],"class_list":["post-251","post","type-post","status-publish","format-standard","hentry","category-news"],"_links":{"self":[{"href":"https:\/\/www.35mm.hr\/index.php?rest_route=\/wp\/v2\/posts\/251","targetHints":{"allow":["GET"]}}],"collection":[{"href":"https:\/\/www.35mm.hr\/index.php?rest_route=\/wp\/v2\/posts"}],"about":[{"href":"https:\/\/www.35mm.hr\/index.php?rest_route=\/wp\/v2\/types\/post"}],"author":[{"embeddable":true,"href":"https:\/\/www.35mm.hr\/index.php?rest_route=\/wp\/v2\/users\/3"}],"replies":[{"embeddable":true,"href":"https:\/\/www.35mm.hr\/index.php?rest_route=%2Fwp%2Fv2%2Fcomments&post=251"}],"version-history":[{"count":0,"href":"https:\/\/www.35mm.hr\/index.php?rest_route=\/wp\/v2\/posts\/251\/revisions"}],"wp:attachment":[{"href":"https:\/\/www.35mm.hr\/index.php?rest_route=%2Fwp%2Fv2%2Fmedia&parent=251"}],"wp:term":[{"taxonomy":"category","embeddable":true,"href":"https:\/\/www.35mm.hr\/index.php?rest_route=%2Fwp%2Fv2%2Fcategories&post=251"},{"taxonomy":"post_tag","embeddable":true,"href":"https:\/\/www.35mm.hr\/index.php?rest_route=%2Fwp%2Fv2%2Ftags&post=251"}],"curies":[{"name":"wp","href":"https:\/\/api.w.org\/{rel}","templated":true}]}}