{"id":250,"date":"2013-06-22T23:43:43","date_gmt":"2013-06-22T21:43:43","guid":{"rendered":"http:\/\/www.35mm.hr\/?p=250"},"modified":"2013-06-22T23:43:43","modified_gmt":"2013-06-22T21:43:43","slug":"ljetna-skola-na-obiteljskom-radiju-ivanic","status":"publish","type":"post","link":"https:\/\/www.35mm.hr\/?p=250","title":{"rendered":"Ljetna \u0161kola na Obiteljskom radiju Ivani\u0107"},"content":{"rendered":"<p>U nedjelju, 23.06.2013. u 11 sati u emisiji &#8220;Tko, \u0161to, za\u0161to&#8221; Obiteljskog radija Ivani\u0107 gostuju Sanela Kova\u010d iz Udruge za djecu, mlade i obitelj &#8220;HOP &#8211; Hrabrost, Osna\u017eivanje, Poticaj&#8221;, te Ana Sovi\u0107 iz Foto video kluba &#8220;35mm&#8221; Kri\u017e. U emisiji \u0107e biti rije\u010di o radu udruge HOP, te o Ljetnoj \u0161koli koja samo \u0161to nije po\u010dela!<\/p>\n","protected":false},"excerpt":{"rendered":"<p>U nedjelju, 23.06.2013. u 11 sati u emisiji &#8220;Tko, \u0161to, za\u0161to&#8221; Obiteljskog radija Ivani\u0107 gostuju Sanela Kova\u010d iz Udruge za djecu, mlade i obitelj &#8220;HOP &#8211; Hrabrost, Osna\u017eivanje, Poticaj&#8221;, te Ana Sovi\u0107 iz Foto video kluba &#8220;35mm&#8221; Kri\u017e. U emisiji \u0107e biti rije\u010di o radu udruge HOP, te o Ljetnoj \u0161koli koja samo \u0161to nije [&hellip;]<\/p>\n","protected":false},"author":3,"featured_media":0,"comment_status":"closed","ping_status":"open","sticky":false,"template":"","format":"standard","meta":{"_crdt_document":"","footnotes":""},"categories":[3],"tags":[],"class_list":["post-250","post","type-post","status-publish","format-standard","hentry","category-news"],"_links":{"self":[{"href":"https:\/\/www.35mm.hr\/index.php?rest_route=\/wp\/v2\/posts\/250","targetHints":{"allow":["GET"]}}],"collection":[{"href":"https:\/\/www.35mm.hr\/index.php?rest_route=\/wp\/v2\/posts"}],"about":[{"href":"https:\/\/www.35mm.hr\/index.php?rest_route=\/wp\/v2\/types\/post"}],"author":[{"embeddable":true,"href":"https:\/\/www.35mm.hr\/index.php?rest_route=\/wp\/v2\/users\/3"}],"replies":[{"embeddable":true,"href":"https:\/\/www.35mm.hr\/index.php?rest_route=%2Fwp%2Fv2%2Fcomments&post=250"}],"version-history":[{"count":0,"href":"https:\/\/www.35mm.hr\/index.php?rest_route=\/wp\/v2\/posts\/250\/revisions"}],"wp:attachment":[{"href":"https:\/\/www.35mm.hr\/index.php?rest_route=%2Fwp%2Fv2%2Fmedia&parent=250"}],"wp:term":[{"taxonomy":"category","embeddable":true,"href":"https:\/\/www.35mm.hr\/index.php?rest_route=%2Fwp%2Fv2%2Fcategories&post=250"},{"taxonomy":"post_tag","embeddable":true,"href":"https:\/\/www.35mm.hr\/index.php?rest_route=%2Fwp%2Fv2%2Ftags&post=250"}],"curies":[{"name":"wp","href":"https:\/\/api.w.org\/{rel}","templated":true}]}}