{"id":234,"date":"2013-05-30T11:21:59","date_gmt":"2013-05-30T09:21:59","guid":{"rendered":"http:\/\/www.35mm.hr\/?p=234"},"modified":"2013-06-05T18:31:54","modified_gmt":"2013-06-05T16:31:54","slug":"prijave-na-ljetnu-skolu-ivanic-grad","status":"publish","type":"post","link":"https:\/\/www.35mm.hr\/?p=234","title":{"rendered":"Prijave na Ljetnu \u0161kolu Ivani\u0107-Grad"},"content":{"rendered":"<p><a href=\"http:\/\/www.35mm.hr\/wp-content\/uploads\/2013\/05\/dodi_web.jpg\"><img loading=\"lazy\" decoding=\"async\" class=\"aligncenter size-medium wp-image-241\" alt=\"dodi_web\" src=\"http:\/\/www.35mm.hr\/wp-content\/uploads\/2013\/05\/dodi_web-300x99.jpg\" width=\"300\" height=\"99\" srcset=\"https:\/\/www.35mm.hr\/wp-content\/uploads\/2013\/05\/dodi_web-300x99.jpg 300w, https:\/\/www.35mm.hr\/wp-content\/uploads\/2013\/05\/dodi_web-1024x340.jpg 1024w, https:\/\/www.35mm.hr\/wp-content\/uploads\/2013\/05\/dodi_web.jpg 1203w\" sizes=\"auto, (max-width: 300px) 100vw, 300px\" \/><\/a><\/p>\n<p>Prijave na ljetnu \u0161kolu su jednostavne: isprintajte <strong><a href=\"http:\/\/www.35mm.hr\/wp-content\/uploads\/2013\/05\/Letak.pdf\">letak<\/a><\/strong>, ispunite ga i ubacite u sandu\u010di\u0107 Turisti\u010dke zajednice Ivani\u0107 &#8211; Grad, Moslava\u010dka 13.<\/p>\n<p>Rok za prijave je <strong>12.06.2013.<\/strong><\/p>\n<p>Vi\u0161e informacija o svakoj radionici mo\u017eete na\u0107i <strong><a href=\"http:\/\/www.35mm.hr\/wp-content\/uploads\/2013\/05\/LjetnaSkola2013_IvanicGrad_web.pdf\">ovdje<\/a><\/strong>.<\/p>\n<p><a href=\"http:\/\/www.35mm.hr\/wp-content\/uploads\/2013\/05\/plakat1_web.jpg\"><img loading=\"lazy\" decoding=\"async\" class=\"aligncenter size-medium wp-image-248\" alt=\"plakat1_web\" src=\"http:\/\/www.35mm.hr\/wp-content\/uploads\/2013\/05\/plakat1_web-225x300.jpg\" width=\"299\" height=\"398\" srcset=\"https:\/\/www.35mm.hr\/wp-content\/uploads\/2013\/05\/plakat1_web-225x300.jpg 225w, https:\/\/www.35mm.hr\/wp-content\/uploads\/2013\/05\/plakat1_web-768x1024.jpg 768w, https:\/\/www.35mm.hr\/wp-content\/uploads\/2013\/05\/plakat1_web.jpg 886w\" sizes=\"auto, (max-width: 299px) 100vw, 299px\" \/><\/a><\/p>\n<p>&nbsp;<\/p>\n","protected":false},"excerpt":{"rendered":"<p>Prijave na ljetnu \u0161kolu su jednostavne: isprintajte letak, ispunite ga i ubacite u sandu\u010di\u0107 Turisti\u010dke zajednice Ivani\u0107 &#8211; Grad, Moslava\u010dka 13. Rok za prijave je 12.06.2013. Vi\u0161e informacija o svakoj radionici mo\u017eete na\u0107i ovdje. &nbsp;<\/p>\n","protected":false},"author":3,"featured_media":0,"comment_status":"closed","ping_status":"open","sticky":false,"template":"","format":"standard","meta":{"_crdt_document":"","footnotes":""},"categories":[3],"tags":[],"class_list":["post-234","post","type-post","status-publish","format-standard","hentry","category-news"],"_links":{"self":[{"href":"https:\/\/www.35mm.hr\/index.php?rest_route=\/wp\/v2\/posts\/234","targetHints":{"allow":["GET"]}}],"collection":[{"href":"https:\/\/www.35mm.hr\/index.php?rest_route=\/wp\/v2\/posts"}],"about":[{"href":"https:\/\/www.35mm.hr\/index.php?rest_route=\/wp\/v2\/types\/post"}],"author":[{"embeddable":true,"href":"https:\/\/www.35mm.hr\/index.php?rest_route=\/wp\/v2\/users\/3"}],"replies":[{"embeddable":true,"href":"https:\/\/www.35mm.hr\/index.php?rest_route=%2Fwp%2Fv2%2Fcomments&post=234"}],"version-history":[{"count":10,"href":"https:\/\/www.35mm.hr\/index.php?rest_route=\/wp\/v2\/posts\/234\/revisions"}],"predecessor-version":[{"id":238,"href":"https:\/\/www.35mm.hr\/index.php?rest_route=\/wp\/v2\/posts\/234\/revisions\/238"}],"wp:attachment":[{"href":"https:\/\/www.35mm.hr\/index.php?rest_route=%2Fwp%2Fv2%2Fmedia&parent=234"}],"wp:term":[{"taxonomy":"category","embeddable":true,"href":"https:\/\/www.35mm.hr\/index.php?rest_route=%2Fwp%2Fv2%2Fcategories&post=234"},{"taxonomy":"post_tag","embeddable":true,"href":"https:\/\/www.35mm.hr\/index.php?rest_route=%2Fwp%2Fv2%2Ftags&post=234"}],"curies":[{"name":"wp","href":"https:\/\/api.w.org\/{rel}","templated":true}]}}