{"id":232,"date":"2013-05-28T13:25:16","date_gmt":"2013-05-28T11:25:16","guid":{"rendered":"http:\/\/www.35mm.hr\/?p=232"},"modified":"2013-05-28T13:25:16","modified_gmt":"2013-05-28T11:25:16","slug":"ljetna-skola-ivanic-grad-2013","status":"publish","type":"post","link":"https:\/\/www.35mm.hr\/?p=232","title":{"rendered":"Ljetna \u0161kola Ivani\u0107-Grad 2013"},"content":{"rendered":"<p>I ove godine \u0107e se u Ivani\u0107-Gradu odr\u017eati Ljetna \u0161kola za u\u010denike osnovnih \u0161kola sa podru\u010dja grada Ivani\u0107-Grada, op\u0107ina Kri\u017e i Klo\u0161tar Ivani\u0107.<\/p>\n<p>Ponuda radionica je vrlo raznolika: ba\u0161tina na\u0161eg kraja, mozgalice, timski rad, vatrogasci, fotografija, programiranje 3D igara, izrada web stranica, izrada slobodnolete\u0107eg modela aviona, prva pomo\u0107, ukra\u0161avanje ki\u0161obrana, forumteatar, izrada elektroni\u010dkog sklopa, arheolo\u0161ka radionica, solarni suncokret, te uradi sam.<\/p>\n<p>Ve\u0107ina radionica namijenjena je u\u010denicima od<strong> 1. do 8. razreda<\/strong> osnovnih \u0161kola. Razmislite \u0161to vas zanima, jer prijave po\u010dinju uskoro!<\/p>\n<p>\u0160kola se odvija u periodu <strong>srijeda, 26.6. do utorak, 2.7.2013.<\/strong><\/p>\n<p>Vidimo se!<\/p>\n<p>Vi\u0161e informacija na ljeto.ivanic@gmail.com.<\/p>\n","protected":false},"excerpt":{"rendered":"<p>I ove godine \u0107e se u Ivani\u0107-Gradu odr\u017eati Ljetna \u0161kola za u\u010denike osnovnih \u0161kola sa podru\u010dja grada Ivani\u0107-Grada, op\u0107ina Kri\u017e i Klo\u0161tar Ivani\u0107. Ponuda radionica je vrlo raznolika: ba\u0161tina na\u0161eg kraja, mozgalice, timski rad, vatrogasci, fotografija, programiranje 3D igara, izrada web stranica, izrada slobodnolete\u0107eg modela aviona, prva pomo\u0107, ukra\u0161avanje ki\u0161obrana, forumteatar, izrada elektroni\u010dkog sklopa, arheolo\u0161ka [&hellip;]<\/p>\n","protected":false},"author":3,"featured_media":0,"comment_status":"closed","ping_status":"open","sticky":false,"template":"","format":"standard","meta":{"_crdt_document":"","footnotes":""},"categories":[3],"tags":[],"class_list":["post-232","post","type-post","status-publish","format-standard","hentry","category-news"],"_links":{"self":[{"href":"https:\/\/www.35mm.hr\/index.php?rest_route=\/wp\/v2\/posts\/232","targetHints":{"allow":["GET"]}}],"collection":[{"href":"https:\/\/www.35mm.hr\/index.php?rest_route=\/wp\/v2\/posts"}],"about":[{"href":"https:\/\/www.35mm.hr\/index.php?rest_route=\/wp\/v2\/types\/post"}],"author":[{"embeddable":true,"href":"https:\/\/www.35mm.hr\/index.php?rest_route=\/wp\/v2\/users\/3"}],"replies":[{"embeddable":true,"href":"https:\/\/www.35mm.hr\/index.php?rest_route=%2Fwp%2Fv2%2Fcomments&post=232"}],"version-history":[{"count":1,"href":"https:\/\/www.35mm.hr\/index.php?rest_route=\/wp\/v2\/posts\/232\/revisions"}],"predecessor-version":[{"id":233,"href":"https:\/\/www.35mm.hr\/index.php?rest_route=\/wp\/v2\/posts\/232\/revisions\/233"}],"wp:attachment":[{"href":"https:\/\/www.35mm.hr\/index.php?rest_route=%2Fwp%2Fv2%2Fmedia&parent=232"}],"wp:term":[{"taxonomy":"category","embeddable":true,"href":"https:\/\/www.35mm.hr\/index.php?rest_route=%2Fwp%2Fv2%2Fcategories&post=232"},{"taxonomy":"post_tag","embeddable":true,"href":"https:\/\/www.35mm.hr\/index.php?rest_route=%2Fwp%2Fv2%2Ftags&post=232"}],"curies":[{"name":"wp","href":"https:\/\/api.w.org\/{rel}","templated":true}]}}