{"id":223,"date":"2012-09-10T13:05:44","date_gmt":"2012-09-10T11:05:44","guid":{"rendered":"http:\/\/www.35mm.hr\/?p=223"},"modified":"2012-09-10T13:10:06","modified_gmt":"2012-09-10T11:10:06","slug":"izlozba-selo","status":"publish","type":"post","link":"https:\/\/www.35mm.hr\/?p=223","title":{"rendered":"Izlo\u017eba &#8220;selo&#8221;"},"content":{"rendered":"<p><a href=\"http:\/\/www.35mm.hr\/wp-content\/uploads\/2012\/09\/plakat_selo_mini.jpg\"><img loading=\"lazy\" decoding=\"async\" class=\"aligncenter size-medium wp-image-228\" title=\"plakat_selo_mini\" src=\"http:\/\/www.35mm.hr\/wp-content\/uploads\/2012\/09\/plakat_selo_mini-300x212.jpg\" alt=\"\" width=\"300\" height=\"212\" srcset=\"https:\/\/www.35mm.hr\/wp-content\/uploads\/2012\/09\/plakat_selo_mini-300x212.jpg 300w, https:\/\/www.35mm.hr\/wp-content\/uploads\/2012\/09\/plakat_selo_mini.jpg 900w\" sizes=\"auto, (max-width: 300px) 100vw, 300px\" \/><\/a>Otvorenje izlo\u017ebe &#8220;Selo&#8221; Foto video kluba &#8220;35mm&#8221; Kri\u017e odr\u017eat \u0107e se u <strong>utorak 11.09.2012. u 19:00<\/strong> u Galeriji Kri\u017e u Kri\u017eu.<\/p>\n<p>Izlo\u017ebu \u010dini preko sto crno &#8211; bijelih fotografija autora \u010dlanova Foto video kluba &#8220;35mm&#8221; Kri\u017e:<\/p>\n<ol>\n<li>Nives Ratkovi\u0107<\/li>\n<li>Ana Marija Petrec<\/li>\n<li>Stella \u0110udari\u0107<\/li>\n<li>Nikolina Zeki\u0107<\/li>\n<li>Ema Herbst<\/li>\n<li>Stella \u0160antek<\/li>\n<li>Petra Pugar<\/li>\n<li>Martina Fuka\u010d<\/li>\n<li>Klara \u0160imi\u0107<\/li>\n<li>Valentina Blagu\u0161evi\u0107<\/li>\n<li>Anja Koli\u0107<\/li>\n<li>Dario Nik\u0161i\u0107<\/li>\n<li>Josip Kolakovi\u0107<\/li>\n<li>Mijomir Dujmovi\u0107<\/li>\n<li>Ana Sovi\u0107<\/li>\n<\/ol>\n","protected":false},"excerpt":{"rendered":"<p>Otvorenje izlo\u017ebe &#8220;Selo&#8221; Foto video kluba &#8220;35mm&#8221; Kri\u017e odr\u017eat \u0107e se u utorak 11.09.2012. u 19:00 u Galeriji Kri\u017e u Kri\u017eu. Izlo\u017ebu \u010dini preko sto crno &#8211; bijelih fotografija autora \u010dlanova Foto video kluba &#8220;35mm&#8221; Kri\u017e: Nives Ratkovi\u0107 Ana Marija Petrec Stella \u0110udari\u0107 Nikolina Zeki\u0107 Ema Herbst Stella \u0160antek Petra Pugar Martina Fuka\u010d Klara \u0160imi\u0107 [&hellip;]<\/p>\n","protected":false},"author":3,"featured_media":0,"comment_status":"closed","ping_status":"open","sticky":false,"template":"","format":"standard","meta":{"_crdt_document":"","footnotes":""},"categories":[3],"tags":[],"class_list":["post-223","post","type-post","status-publish","format-standard","hentry","category-news"],"_links":{"self":[{"href":"https:\/\/www.35mm.hr\/index.php?rest_route=\/wp\/v2\/posts\/223","targetHints":{"allow":["GET"]}}],"collection":[{"href":"https:\/\/www.35mm.hr\/index.php?rest_route=\/wp\/v2\/posts"}],"about":[{"href":"https:\/\/www.35mm.hr\/index.php?rest_route=\/wp\/v2\/types\/post"}],"author":[{"embeddable":true,"href":"https:\/\/www.35mm.hr\/index.php?rest_route=\/wp\/v2\/users\/3"}],"replies":[{"embeddable":true,"href":"https:\/\/www.35mm.hr\/index.php?rest_route=%2Fwp%2Fv2%2Fcomments&post=223"}],"version-history":[{"count":4,"href":"https:\/\/www.35mm.hr\/index.php?rest_route=\/wp\/v2\/posts\/223\/revisions"}],"predecessor-version":[{"id":227,"href":"https:\/\/www.35mm.hr\/index.php?rest_route=\/wp\/v2\/posts\/223\/revisions\/227"}],"wp:attachment":[{"href":"https:\/\/www.35mm.hr\/index.php?rest_route=%2Fwp%2Fv2%2Fmedia&parent=223"}],"wp:term":[{"taxonomy":"category","embeddable":true,"href":"https:\/\/www.35mm.hr\/index.php?rest_route=%2Fwp%2Fv2%2Fcategories&post=223"},{"taxonomy":"post_tag","embeddable":true,"href":"https:\/\/www.35mm.hr\/index.php?rest_route=%2Fwp%2Fv2%2Ftags&post=223"}],"curies":[{"name":"wp","href":"https:\/\/api.w.org\/{rel}","templated":true}]}}