{"id":215,"date":"2012-07-01T21:34:56","date_gmt":"2012-07-01T19:34:56","guid":{"rendered":"http:\/\/www.35mm.hr\/?p=215"},"modified":"2012-07-01T21:37:03","modified_gmt":"2012-07-01T19:37:03","slug":"izlet","status":"publish","type":"post","link":"https:\/\/www.35mm.hr\/?p=215","title":{"rendered":"Izlet"},"content":{"rendered":"<p><a href=\"http:\/\/www.35mm.hr\/wp-content\/uploads\/2012\/07\/IMG_7315.jpg\"><img loading=\"lazy\" decoding=\"async\" class=\"aligncenter size-medium wp-image-219\" title=\"IMG_7315\" src=\"http:\/\/www.35mm.hr\/wp-content\/uploads\/2012\/07\/IMG_7315-300x199.jpg\" alt=\"\" width=\"300\" height=\"199\" srcset=\"https:\/\/www.35mm.hr\/wp-content\/uploads\/2012\/07\/IMG_7315-300x199.jpg 300w, https:\/\/www.35mm.hr\/wp-content\/uploads\/2012\/07\/IMG_7315-1024x681.jpg 1024w\" sizes=\"auto, (max-width: 300px) 100vw, 300px\" \/><\/a><\/p>\n<p>Zavr\u0161etak \u0161kole proslavili smo izletom na pou\u010dnu stazu u \u0161umi \u017dutica. Izlet je organiziralo Dru\u0161tvo prijatelja prirode, a prijevoz su osigurali Karate klub &#8220;Mladost&#8221; i Gradsko dru\u0161tvo crvenog kri\u017ea Ivani\u0107 &#8211; Grad.<\/p>\n<p>Uz stru\u010dno vodstvo prijatelja prirode upoznali smo oznake koje se mogu na\u0107i u \u0161umi, polo\u017eaje gdje se mo\u017ee na\u0107i dabar, vidjeli hrastove, gljive. Saznali smo i da je za \u017ee\u0111 na izletu najbolje pojesti krastavac! Nakon borbe sa komarcima i koprivama, osvje\u017eili smo se uz sokove i kekse, te se te\u0161ka srca oprostili od Ljetne \u0161kole uz \u017eelje da se ponovi ne\u0161to sli\u010dno!<\/p>\n<p>Hvala svima koji su sudjelovali u organizaciji radionica, sponzorima i naravno svim polaznicima jer bez njih ne bi ni bilo \u0160kole!<\/p>\n","protected":false},"excerpt":{"rendered":"<p>Zavr\u0161etak \u0161kole proslavili smo izletom na pou\u010dnu stazu u \u0161umi \u017dutica. Izlet je organiziralo Dru\u0161tvo prijatelja prirode, a prijevoz su osigurali Karate klub &#8220;Mladost&#8221; i Gradsko dru\u0161tvo crvenog kri\u017ea Ivani\u0107 &#8211; Grad. Uz stru\u010dno vodstvo prijatelja prirode upoznali smo oznake koje se mogu na\u0107i u \u0161umi, polo\u017eaje gdje se mo\u017ee na\u0107i dabar, vidjeli hrastove, gljive. [&hellip;]<\/p>\n","protected":false},"author":3,"featured_media":0,"comment_status":"closed","ping_status":"open","sticky":false,"template":"","format":"standard","meta":{"_crdt_document":"","footnotes":""},"categories":[3],"tags":[],"class_list":["post-215","post","type-post","status-publish","format-standard","hentry","category-news"],"_links":{"self":[{"href":"https:\/\/www.35mm.hr\/index.php?rest_route=\/wp\/v2\/posts\/215","targetHints":{"allow":["GET"]}}],"collection":[{"href":"https:\/\/www.35mm.hr\/index.php?rest_route=\/wp\/v2\/posts"}],"about":[{"href":"https:\/\/www.35mm.hr\/index.php?rest_route=\/wp\/v2\/types\/post"}],"author":[{"embeddable":true,"href":"https:\/\/www.35mm.hr\/index.php?rest_route=\/wp\/v2\/users\/3"}],"replies":[{"embeddable":true,"href":"https:\/\/www.35mm.hr\/index.php?rest_route=%2Fwp%2Fv2%2Fcomments&post=215"}],"version-history":[{"count":3,"href":"https:\/\/www.35mm.hr\/index.php?rest_route=\/wp\/v2\/posts\/215\/revisions"}],"predecessor-version":[{"id":220,"href":"https:\/\/www.35mm.hr\/index.php?rest_route=\/wp\/v2\/posts\/215\/revisions\/220"}],"wp:attachment":[{"href":"https:\/\/www.35mm.hr\/index.php?rest_route=%2Fwp%2Fv2%2Fmedia&parent=215"}],"wp:term":[{"taxonomy":"category","embeddable":true,"href":"https:\/\/www.35mm.hr\/index.php?rest_route=%2Fwp%2Fv2%2Fcategories&post=215"},{"taxonomy":"post_tag","embeddable":true,"href":"https:\/\/www.35mm.hr\/index.php?rest_route=%2Fwp%2Fv2%2Ftags&post=215"}],"curies":[{"name":"wp","href":"https:\/\/api.w.org\/{rel}","templated":true}]}}