{"id":213,"date":"2012-06-30T22:38:58","date_gmt":"2012-06-30T20:38:58","guid":{"rendered":"http:\/\/www.35mm.hr\/?p=213"},"modified":"2012-06-30T22:39:48","modified_gmt":"2012-06-30T20:39:48","slug":"ljetna-skola-5-dan","status":"publish","type":"post","link":"https:\/\/www.35mm.hr\/?p=213","title":{"rendered":"Ljetna \u0161kola &#8211; 5. dan"},"content":{"rendered":"<p>Zadnji dan ljetne \u0161kole zapo\u010deo je Plesom na put oko svijeta u organizaciji Plesnog centra Karizma. \u010cetiri prili\u010dno zahtjevna plesa dobrano su nas oznojila!<br \/>\nNakon kratkog odmora, bacili smo se na likovni &#8211; Park u slici u organizaciji Udruge slobodnih umjetnika FORMA 2000. Radili smo na terenu u parku, te nacrtali klupe, li\u0161\u0107e, drve\u0107e&#8230;<br \/>\nDan je zavr\u0161io Zavr\u0161nom radionicom &#8211; velikom izlo\u017ebom oslikanih majica, fotografija iz fotografske radionice, crte\u017ea sa likovne radionica. Sve smo to za\u010dili odli\u010dnim bubnjarskim to\u010dkama &#8211; \u010dak smo i bis imali! A ni\u0161ta ne bi moglo pro\u0107i bez nekoliko rije\u010di na francuskom. Podijeljene su diplome polaznicima radionica, a sponzorima i pomaga\u010dima dodijeljene su Zahvalnice.<br \/>\nVidimo se sutra na izletu!<\/p>\n","protected":false},"excerpt":{"rendered":"<p>Zadnji dan ljetne \u0161kole zapo\u010deo je Plesom na put oko svijeta u organizaciji Plesnog centra Karizma. \u010cetiri prili\u010dno zahtjevna plesa dobrano su nas oznojila! Nakon kratkog odmora, bacili smo se na likovni &#8211; Park u slici u organizaciji Udruge slobodnih umjetnika FORMA 2000. Radili smo na terenu u parku, te nacrtali klupe, li\u0161\u0107e, drve\u0107e&#8230; Dan [&hellip;]<\/p>\n","protected":false},"author":3,"featured_media":0,"comment_status":"closed","ping_status":"open","sticky":false,"template":"","format":"standard","meta":{"_crdt_document":"","footnotes":""},"categories":[3],"tags":[],"class_list":["post-213","post","type-post","status-publish","format-standard","hentry","category-news"],"_links":{"self":[{"href":"https:\/\/www.35mm.hr\/index.php?rest_route=\/wp\/v2\/posts\/213","targetHints":{"allow":["GET"]}}],"collection":[{"href":"https:\/\/www.35mm.hr\/index.php?rest_route=\/wp\/v2\/posts"}],"about":[{"href":"https:\/\/www.35mm.hr\/index.php?rest_route=\/wp\/v2\/types\/post"}],"author":[{"embeddable":true,"href":"https:\/\/www.35mm.hr\/index.php?rest_route=\/wp\/v2\/users\/3"}],"replies":[{"embeddable":true,"href":"https:\/\/www.35mm.hr\/index.php?rest_route=%2Fwp%2Fv2%2Fcomments&post=213"}],"version-history":[{"count":2,"href":"https:\/\/www.35mm.hr\/index.php?rest_route=\/wp\/v2\/posts\/213\/revisions"}],"predecessor-version":[{"id":216,"href":"https:\/\/www.35mm.hr\/index.php?rest_route=\/wp\/v2\/posts\/213\/revisions\/216"}],"wp:attachment":[{"href":"https:\/\/www.35mm.hr\/index.php?rest_route=%2Fwp%2Fv2%2Fmedia&parent=213"}],"wp:term":[{"taxonomy":"category","embeddable":true,"href":"https:\/\/www.35mm.hr\/index.php?rest_route=%2Fwp%2Fv2%2Fcategories&post=213"},{"taxonomy":"post_tag","embeddable":true,"href":"https:\/\/www.35mm.hr\/index.php?rest_route=%2Fwp%2Fv2%2Ftags&post=213"}],"curies":[{"name":"wp","href":"https:\/\/api.w.org\/{rel}","templated":true}]}}