{"id":211,"date":"2012-06-30T08:22:15","date_gmt":"2012-06-30T06:22:15","guid":{"rendered":"http:\/\/www.35mm.hr\/?p=211"},"modified":"2012-06-30T08:22:15","modified_gmt":"2012-06-30T06:22:15","slug":"ljetna-skola-4-dan","status":"publish","type":"post","link":"https:\/\/www.35mm.hr\/?p=211","title":{"rendered":"Ljetna \u0161kola &#8211; 4.dan"},"content":{"rendered":"<p>Predzadnji dan Ljetne \u0161kole &#8211; petak, zapo\u010deli smo gledaju\u0107i koncert Puha\u010dkog orkestra ispred crkve Sv. Petra u Ivani\u0107u povodom Petrova. Nakon koncerta radionica je nastavljena u istom ritmu, te su djeca nau\u010dila svirati nekoliko laganijih to\u010daka na udaraljka\u0161kim instrumentima.<br \/>\nNakon ru\u010dka koji je sponzorirala Konat &#8211; Ivani\u0107anka, radionice su nastavljene u umjetni\u010dkom tonu. Na radionici Moja moda u organizaciji Udruge moda.mladi, djeca i mladi su oslikali majice raznim zanimljivim napisima i slikama.<br \/>\nDan smo zavr\u0161ili radionicom HOP, gdje smo se jo\u0161 malo bolje upoznali sami sebe i druge polaznike \u0161kole. Voditelj ove radionice bila je nova Udruga za djecu, mlade i obitelj \u201eHOP\u201c \u2013 Hrabrost, Osna\u017eivanje, Poticaj.<\/p>\n<p>U subotu je zadnji dan \u0161kole.<br \/>\nPrva radionica koja nas o\u010dekuje je Plesom na put oko svijeta u organizaciji Plesnog centra Karizma. Kroz radionicu djeca \u0107e upoznati razne plesne stilove i muziku koja ih prati, nau\u010diti neke korake specifi\u010dne upravo za te plesove i zabaviti se uz osmi\u0161ljene koreografije.<br \/>\nI zadnja radionica na na\u0161oj Ljetnoj \u0161koli je Park u slici u organizaciji Udruge slobodnih umjetnika FORMA 2000. U tehnici olovka na papiru djeca \u0107e prikazati Ivane\u0107ke prizore.<\/p>\n<p>Pozivamo sve roditelje i sugra\u0111ane da nas posjete u 17:00 ispred Pu\u010dkog otvorenog u\u010dili\u0161ta gdje \u0107emo kratkim programom i izlo\u017ebom prikazati \u0161to smo sve nau\u010dili ovaj tjedan!<\/p>\n<p>U nedjelju u 09:00 je zajedni\u010dki izlet za djecu i voditelje, a i roditelji su pozvani. U okviru izleta djeca \u0107e posjetiti novu pou\u010dnu stazu u \u017dutici. Izlet organizira Dru\u0161tvo prijatelja prirode Ivani\u0107 &#8211; Grad, a prijevoz za djecu su osigurali Gradsko dru\u0161tvo crvenog kri\u017ea Ivani\u0107 &#8211; Grad i Karate klub Mladost. O\u010dekivani povratak sa izleta je oko 12 sati.<\/p>\n<p>Jo\u0161 jednom svi organizatori Ljetne \u0161kole bi htjeli zahvaliti sponzorima:<\/p>\n<p>    Turisti\u010dka zajednica Ivani\u0107 \u2013 Grad<br \/>\n    Pu\u010dko otvoreno u\u010dili\u0161te Ivani\u0107 \u2013 Grad<br \/>\n    Aeks d.o.o. \u2013 Pivnica<br \/>\n    Konat d.o.o. \u2013 Ivani\u0107anka<br \/>\n    Kra\u0161 prehrambena industrija d.d.<br \/>\n    Gradsko dru\u0161tvo Crvenog kri\u017ea Ivani\u0107-Grad<br \/>\n    Prijatelji ba\u0161tine &#8211; Amici hereditatis<br \/>\n    Dru\u0161tvo prijatelja prirode Ivani\u0107 \u2013 Grad<br \/>\n    Karate klub \u201eMladost\u201c<\/p>\n<p>te Radiju Ivani\u0107 \u0161to su nas medijski pratili.<\/p>\n","protected":false},"excerpt":{"rendered":"<p>Predzadnji dan Ljetne \u0161kole &#8211; petak, zapo\u010deli smo gledaju\u0107i koncert Puha\u010dkog orkestra ispred crkve Sv. Petra u Ivani\u0107u povodom Petrova. Nakon koncerta radionica je nastavljena u istom ritmu, te su djeca nau\u010dila svirati nekoliko laganijih to\u010daka na udaraljka\u0161kim instrumentima. Nakon ru\u010dka koji je sponzorirala Konat &#8211; Ivani\u0107anka, radionice su nastavljene u umjetni\u010dkom tonu. Na radionici [&hellip;]<\/p>\n","protected":false},"author":3,"featured_media":0,"comment_status":"closed","ping_status":"open","sticky":false,"template":"","format":"standard","meta":{"_crdt_document":"","footnotes":""},"categories":[3],"tags":[],"class_list":["post-211","post","type-post","status-publish","format-standard","hentry","category-news"],"_links":{"self":[{"href":"https:\/\/www.35mm.hr\/index.php?rest_route=\/wp\/v2\/posts\/211","targetHints":{"allow":["GET"]}}],"collection":[{"href":"https:\/\/www.35mm.hr\/index.php?rest_route=\/wp\/v2\/posts"}],"about":[{"href":"https:\/\/www.35mm.hr\/index.php?rest_route=\/wp\/v2\/types\/post"}],"author":[{"embeddable":true,"href":"https:\/\/www.35mm.hr\/index.php?rest_route=\/wp\/v2\/users\/3"}],"replies":[{"embeddable":true,"href":"https:\/\/www.35mm.hr\/index.php?rest_route=%2Fwp%2Fv2%2Fcomments&post=211"}],"version-history":[{"count":1,"href":"https:\/\/www.35mm.hr\/index.php?rest_route=\/wp\/v2\/posts\/211\/revisions"}],"predecessor-version":[{"id":212,"href":"https:\/\/www.35mm.hr\/index.php?rest_route=\/wp\/v2\/posts\/211\/revisions\/212"}],"wp:attachment":[{"href":"https:\/\/www.35mm.hr\/index.php?rest_route=%2Fwp%2Fv2%2Fmedia&parent=211"}],"wp:term":[{"taxonomy":"category","embeddable":true,"href":"https:\/\/www.35mm.hr\/index.php?rest_route=%2Fwp%2Fv2%2Fcategories&post=211"},{"taxonomy":"post_tag","embeddable":true,"href":"https:\/\/www.35mm.hr\/index.php?rest_route=%2Fwp%2Fv2%2Ftags&post=211"}],"curies":[{"name":"wp","href":"https:\/\/api.w.org\/{rel}","templated":true}]}}