{"id":169,"date":"2012-03-17T17:43:25","date_gmt":"2012-03-17T15:43:25","guid":{"rendered":"http:\/\/www.35mm.hr\/?p=169"},"modified":"2012-03-17T17:51:04","modified_gmt":"2012-03-17T15:51:04","slug":"odrzana-skupstina-zajednice-tehnicke-kulture-zagrebacke-zupanije","status":"publish","type":"post","link":"https:\/\/www.35mm.hr\/?p=169","title":{"rendered":"Odr\u017eana Skup\u0161tina Zajednice tehni\u010dke kulture Zagreba\u010dke \u017eupanije"},"content":{"rendered":"<p>U petak, 16.03.2012. u Starom \u010ci\u0107u odr\u017eana je Skup\u0161tina Zajednice tehni\u010dke kulture Zagreba\u010dke \u017eupanije s dodjelom godi\u0161njih nagrada &#8220;Rudolf Pere\u0161in&#8221; za najzaslu\u017enije u tehni\u010dkoj kulturi u Zagreba\u010dkoj \u017eupaniji u 2011.<br \/>\nOsim predstavnika grada Velike Gorice i Zagreba\u010dke \u017eupanije, Skup\u0161tini je prisustvovao i predsjednik Hrvatske zajednice tehni\u010dke kulture prof. dr. sc. Ante Markoti\u0107.<br \/>\nNakon radnog dijela Skup\u0161tine gdje su dani izvje\u0161taji o radu, financijski izvje\u0161taj i izvje\u0161taj Nadzornog odbora, izglasan je plan rada, te financijski plan za sljede\u0107u godinu.<br \/>\nU sve\u0107anom dijelu Sku\u0161tine, dodijeljene su nagrade<strong> &#8220;Rudolf Pere\u0161in&#8221;<\/strong>. Ove godine je me\u0111u nagra\u0111enima bila i na\u0161a <strong><\/strong> za odli\u010dne rezultate iz podru\u010dja fotografije i kemije. \u010cestitamo Klari!<\/p>\n<p><a href=\"http:\/\/www.35mm.hr\/wp-content\/uploads\/2012\/03\/ZTKZZ2012_001.jpg\"><img loading=\"lazy\" decoding=\"async\" class=\"aligncenter size-medium wp-image-172\" title=\"ZTKZZ2012_001\" src=\"http:\/\/www.35mm.hr\/wp-content\/uploads\/2012\/03\/ZTKZZ2012_001-300x200.jpg\" alt=\"\" width=\"300\" height=\"200\" srcset=\"https:\/\/www.35mm.hr\/wp-content\/uploads\/2012\/03\/ZTKZZ2012_001-300x200.jpg 300w, https:\/\/www.35mm.hr\/wp-content\/uploads\/2012\/03\/ZTKZZ2012_001-1024x682.jpg 1024w\" sizes=\"auto, (max-width: 300px) 100vw, 300px\" \/><\/a><\/p>\n<p><a href=\"http:\/\/www.35mm.hr\/wp-content\/uploads\/2012\/03\/ZTKZZ2012_003m1.jpg\"><img loading=\"lazy\" decoding=\"async\" class=\"aligncenter size-medium wp-image-175\" title=\"ZTKZZ2012_003m\" src=\"http:\/\/www.35mm.hr\/wp-content\/uploads\/2012\/03\/ZTKZZ2012_003m1-300x150.jpg\" alt=\"\" width=\"300\" height=\"150\" srcset=\"https:\/\/www.35mm.hr\/wp-content\/uploads\/2012\/03\/ZTKZZ2012_003m1-300x150.jpg 300w, https:\/\/www.35mm.hr\/wp-content\/uploads\/2012\/03\/ZTKZZ2012_003m1.jpg 600w\" sizes=\"auto, (max-width: 300px) 100vw, 300px\" \/><\/a><\/p>\n<p><a href=\"http:\/\/www.35mm.hr\/wp-content\/uploads\/2012\/03\/ZTKZZ2012_005m.jpg\"><img loading=\"lazy\" decoding=\"async\" class=\"aligncenter size-medium wp-image-176\" title=\"ZTKZZ2012_005m\" src=\"http:\/\/www.35mm.hr\/wp-content\/uploads\/2012\/03\/ZTKZZ2012_005m-300x200.jpg\" alt=\"\" width=\"300\" height=\"200\" srcset=\"https:\/\/www.35mm.hr\/wp-content\/uploads\/2012\/03\/ZTKZZ2012_005m-300x200.jpg 300w, https:\/\/www.35mm.hr\/wp-content\/uploads\/2012\/03\/ZTKZZ2012_005m.jpg 900w\" sizes=\"auto, (max-width: 300px) 100vw, 300px\" \/><\/a><a href=\"http:\/\/www.35mm.hr\/wp-content\/uploads\/2012\/03\/ZTKZZ2012_006m.jpg\"><img loading=\"lazy\" decoding=\"async\" class=\"aligncenter size-medium wp-image-177\" title=\"ZTKZZ2012_006m\" src=\"http:\/\/www.35mm.hr\/wp-content\/uploads\/2012\/03\/ZTKZZ2012_006m-300x200.jpg\" alt=\"\" width=\"300\" height=\"200\" srcset=\"https:\/\/www.35mm.hr\/wp-content\/uploads\/2012\/03\/ZTKZZ2012_006m-300x200.jpg 300w, https:\/\/www.35mm.hr\/wp-content\/uploads\/2012\/03\/ZTKZZ2012_006m.jpg 900w\" sizes=\"auto, (max-width: 300px) 100vw, 300px\" \/><\/a><a href=\"http:\/\/www.35mm.hr\/wp-content\/uploads\/2012\/03\/ZTKZZ2012_012m.jpg\"><img loading=\"lazy\" decoding=\"async\" class=\"aligncenter size-medium wp-image-178\" title=\"ZTKZZ2012_012m\" src=\"http:\/\/www.35mm.hr\/wp-content\/uploads\/2012\/03\/ZTKZZ2012_012m-300x200.jpg\" alt=\"\" width=\"300\" height=\"200\" srcset=\"https:\/\/www.35mm.hr\/wp-content\/uploads\/2012\/03\/ZTKZZ2012_012m-300x200.jpg 300w, https:\/\/www.35mm.hr\/wp-content\/uploads\/2012\/03\/ZTKZZ2012_012m.jpg 900w\" sizes=\"auto, (max-width: 300px) 100vw, 300px\" \/><\/a><a href=\"http:\/\/www.35mm.hr\/wp-content\/uploads\/2012\/03\/ZTKZZ2012_013m.jpg\"><img loading=\"lazy\" decoding=\"async\" class=\"aligncenter size-medium wp-image-179\" title=\"ZTKZZ2012_013m\" src=\"http:\/\/www.35mm.hr\/wp-content\/uploads\/2012\/03\/ZTKZZ2012_013m-300x200.jpg\" alt=\"\" width=\"300\" height=\"200\" srcset=\"https:\/\/www.35mm.hr\/wp-content\/uploads\/2012\/03\/ZTKZZ2012_013m-300x200.jpg 300w, https:\/\/www.35mm.hr\/wp-content\/uploads\/2012\/03\/ZTKZZ2012_013m.jpg 900w\" sizes=\"auto, (max-width: 300px) 100vw, 300px\" \/><\/a><\/p>\n","protected":false},"excerpt":{"rendered":"<p>U petak, 16.03.2012. u Starom \u010ci\u0107u odr\u017eana je Skup\u0161tina Zajednice tehni\u010dke kulture Zagreba\u010dke \u017eupanije s dodjelom godi\u0161njih nagrada &#8220;Rudolf Pere\u0161in&#8221; za najzaslu\u017enije u tehni\u010dkoj kulturi u Zagreba\u010dkoj \u017eupaniji u 2011. Osim predstavnika grada Velike Gorice i Zagreba\u010dke \u017eupanije, Skup\u0161tini je prisustvovao i predsjednik Hrvatske zajednice tehni\u010dke kulture prof. dr. sc. Ante Markoti\u0107. Nakon radnog dijela [&hellip;]<\/p>\n","protected":false},"author":3,"featured_media":0,"comment_status":"closed","ping_status":"open","sticky":false,"template":"","format":"standard","meta":{"_crdt_document":"","footnotes":""},"categories":[3],"tags":[],"class_list":["post-169","post","type-post","status-publish","format-standard","hentry","category-news"],"_links":{"self":[{"href":"https:\/\/www.35mm.hr\/index.php?rest_route=\/wp\/v2\/posts\/169","targetHints":{"allow":["GET"]}}],"collection":[{"href":"https:\/\/www.35mm.hr\/index.php?rest_route=\/wp\/v2\/posts"}],"about":[{"href":"https:\/\/www.35mm.hr\/index.php?rest_route=\/wp\/v2\/types\/post"}],"author":[{"embeddable":true,"href":"https:\/\/www.35mm.hr\/index.php?rest_route=\/wp\/v2\/users\/3"}],"replies":[{"embeddable":true,"href":"https:\/\/www.35mm.hr\/index.php?rest_route=%2Fwp%2Fv2%2Fcomments&post=169"}],"version-history":[{"count":3,"href":"https:\/\/www.35mm.hr\/index.php?rest_route=\/wp\/v2\/posts\/169\/revisions"}],"predecessor-version":[{"id":173,"href":"https:\/\/www.35mm.hr\/index.php?rest_route=\/wp\/v2\/posts\/169\/revisions\/173"}],"wp:attachment":[{"href":"https:\/\/www.35mm.hr\/index.php?rest_route=%2Fwp%2Fv2%2Fmedia&parent=169"}],"wp:term":[{"taxonomy":"category","embeddable":true,"href":"https:\/\/www.35mm.hr\/index.php?rest_route=%2Fwp%2Fv2%2Fcategories&post=169"},{"taxonomy":"post_tag","embeddable":true,"href":"https:\/\/www.35mm.hr\/index.php?rest_route=%2Fwp%2Fv2%2Ftags&post=169"}],"curies":[{"name":"wp","href":"https:\/\/api.w.org\/{rel}","templated":true}]}}